{"id":111,"date":"2019-09-13T20:13:56","date_gmt":"2019-09-13T20:13:56","guid":{"rendered":"https:\/\/chileando.contactchile.cl\/de\/?p=111"},"modified":"2019-09-13T20:14:42","modified_gmt":"2019-09-13T20:14:42","slug":"el-dieciocho-wie-chile-den-18-september-begeht","status":"publish","type":"post","link":"https:\/\/chileando.contactchile.cl\/de\/2019\/09\/el-dieciocho-wie-chile-den-18-september-begeht\/","title":{"rendered":"El Dieciocho: Wie Chile den 18. September begeht"},"content":{"rendered":"\n<p> Geschrieben von Ellie Greenwell f\u00fcr\u00a0<a rel=\"noreferrer noopener\" href=\"https:\/\/www.contactchile.cl\/de\/index.html\" target=\"_blank\">ContactChile<\/a><br>\u00dcbersetzt von Nicole Reis <\/p>\n\n\n\n<p class=\"has-drop-cap\">Ein Nationalfeiertag bedeutet f\u00fcr jeden etwas anderes. F\u00fcr die einen ist es nur ein willkommener freier Tag, f\u00fcr die anderen ein richtiger Feier-Tag mit leckerem Essen und Feuerwerk und Besuch von Verwandten, die man seit Weihnachten nicht mehr gesehen hat. <\/p>\n\n\n\n<p>Chiles Feierlichkeiten des 18. September sind eine Klasse f\u00fcr sich. Sie\nbeschr\u00e4nken sich nicht auf einen Tag, nein, man feiert eine ganze Woche! Den\nganzen September, um ehrlich zu sein &#8211; und das aus gutem Grund. Die <em>fiestas patrias<\/em> wecken ein patriotisches\nGef\u00fchl, eine ansteckende <em>chilenidad<\/em> liegt\nin der Luft und verbreitet sich im ganzen Land.<\/p>\n\n\n\n<p>Bereits in den\nWochen vor dem 18. September sp\u00fcrt man, wie sich die Atmosph\u00e4re ver\u00e4ndert: Die\nLeute sind fr\u00f6hlicher und entspannter. Typische Musik ert\u00f6nt aus L\u00e4den und Bars,\nund es kommt Tag f\u00fcr Tag mehr Feierstimmung auf. Gigantische chilenische\nFlaggen schm\u00fccken die Geb\u00e4ude und Pl\u00e4tze. Im Taxis f\u00fchlt man sich dank der\nkleinen Fahnen beidseits der Motorhaube wie ein Staatsmann. Die Stadt taucht\nein in ein Meer aus Rot, Wei\u00df und Blau. <\/p>\n\n\n\n<p>F\u00fcr viele\nChilenen sind die <em>Fiestas Patrias<\/em> der H\u00f6hepunkt des Jahres. Vergiss Weihnachten,\nNeujahr und Ostern, am 18. September wird gefeiert! Um das Beste aus der\nFeierwoche herauszuholen, haben wir hier eine \u00dcbersicht zusammengestellt. <\/p>\n\n\n\n<h2 class=\"wp-block-heading\"><strong><em>Fonda <\/em><\/strong><\/h2>\n\n\n\n<p>Die<em> Fonda<\/em> ist das Herzst\u00fcck der Feierlichkeiten des <em>Dieciocho<\/em>. Egal in welcher Ecke des Landes du dich befindest, du kannst dich darauf verlassen, dass die Stadt oder die Gemeinde eine Fonda veranstaltet (halte die Augen auf f\u00fcr <a href=\"https:\/\/www.t13.cl\/noticia\/tendencias\/fiestas-patrias-los-nombres-de-fondas-mas-originales\" target=\"_blank\" rel=\"noreferrer noopener\" aria-label=\" (opens in a new tab)\">originelle Fonda-Namen<\/a>). <\/p>\n\n\n\n<p>Aber was ist denn eine <em>Fonda<\/em>, fragst du? Eine Fonda ist ein Volksfest, das sich kaum ein\/e Chilene\/in entgehen l\u00e4sst. Hier kommen Gro\u00df und Klein zusammen, um zu essen, zu trinken und zu feiern. H\u00e4ufig sind es familienfreundliche Veranstaltungen (aber <em>ojo<\/em>, leicht arten sie zu einer ger\u00e4uschintensiven Angelegenheit aus!). <\/p>\n\n\n\n<div class=\"wp-block-image\"><figure class=\"aligncenter\"><img loading=\"lazy\" decoding=\"async\" width=\"640\" height=\"790\" src=\"https:\/\/chileando.contactchile.cl\/de\/wp-content\/uploads\/2019\/09\/fonda.jpg\" alt=\"Fonda\" class=\"wp-image-114\" srcset=\"https:\/\/chileando.contactchile.cl\/de\/wp-content\/uploads\/2019\/09\/fonda.jpg 640w, https:\/\/chileando.contactchile.cl\/de\/wp-content\/uploads\/2019\/09\/fonda-243x300.jpg 243w, https:\/\/chileando.contactchile.cl\/de\/wp-content\/uploads\/2019\/09\/fonda-551x680.jpg 551w\" sizes=\"(max-width: 640px) 100vw, 640px\" \/><figcaption>Probier dein Talent bei einem traditionellen Cueca-Tanz!<br> Foto: La Hora<\/figcaption><\/figure><\/div>\n\n\n\n<p>Es wird Live-Musik gespielt, und du bekommst sicherlich auch traditionelle <strong><em>Cueca<\/em><\/strong> zu sehen, den <strong>Nationaltanz Chiles<\/strong>. Die Damen tragen schwingende, florale, knielange Kleider, die an die 60er erinnern und die Herren gl\u00e4nzende Stiefel mit Sporen, Hut und Poncho. Die ersten Minuten des Tanzes erinnern mit seinem Klatschen an den spanischen Flamenco. Danach bezaubert der Tanz durch anmutige Drehungen, durch schnelle Schritte und das kontinuierliche Drehen des Taschentuches, das beide Tanzpartner in der rechten Hand halten, um ihre bezirzenden Bewegungen noch zu unterstreichen. Dazu die ansteckende Musik der Gitarristen und S\u00e4nger. Flirten auf chilenisch! <\/p>\n\n\n\n<p>Typischerweise tanzt man drei <em>piezas de cueca<\/em>, drei Lieder nacheinander. Danach hat man sicherlich Appetit, kommen wir also aufs Essen zu sprechen: <em>Fondas<\/em> sind der beste Ort, um <strong>chilenische Spezialit\u00e4ten<\/strong> wie <em>Choripan<\/em> (Gegrilltes Chorizo-W\u00fcrstchen im Br\u00f6tchen), <em>Anticucho<\/em> (gegrillter Fleischspie\u00df), <em>Completo<\/em> (Hot-Dog), <em>Asado<\/em> (Grillfleisch aller Art) und nat\u00fcrlich <em>Empanadas<\/em> in verschiedensten Geschmacksrichtungen zu kosten. Das Angebot ist umfangreich. Lass dich von deiner Nase leiten!<\/p>\n\n\n\n<p>Vegetarier oder Veganer haben es nicht leicht, auf einer klassischen Fonda etwas zu essen zu finden. Chiles wachsende Vegetarierszene hat aber dazu gef\u00fchrt, dass <em>Veggie\/Vegan-Fondas <\/em>in den letzten Jahren zu einer beliebten Alternative geworden sind &#8211; <a href=\"http:\/\/finde.latercera.com\/panorama\/fonda-vegana-centro-el-cerro-2019\/2019-09-17\/\" target=\"_blank\" rel=\"noreferrer noopener\" aria-label=\" (opens in a new tab)\">wie diese im Centro El Cerro<\/a> (Bombero N\u00fa\u00f1ez 231). <\/p>\n\n\n\n<figure class=\"wp-block-image\"><img loading=\"lazy\" decoding=\"async\" width=\"940\" height=\"626\" src=\"https:\/\/chileando.contactchile.cl\/de\/wp-content\/uploads\/2019\/09\/fonda-2.jpg\" alt=\"fondas\" class=\"wp-image-115\" srcset=\"https:\/\/chileando.contactchile.cl\/de\/wp-content\/uploads\/2019\/09\/fonda-2.jpg 940w, https:\/\/chileando.contactchile.cl\/de\/wp-content\/uploads\/2019\/09\/fonda-2-300x200.jpg 300w, https:\/\/chileando.contactchile.cl\/de\/wp-content\/uploads\/2019\/09\/fonda-2-768x511.jpg 768w, https:\/\/chileando.contactchile.cl\/de\/wp-content\/uploads\/2019\/09\/fonda-2-781x520.jpg 781w, https:\/\/chileando.contactchile.cl\/de\/wp-content\/uploads\/2019\/09\/fonda-2-680x453.jpg 680w\" sizes=\"(max-width: 940px) 100vw, 940px\" \/><figcaption>Typisches Angebot auf einer Fonda <br> Foto: RadioOrienteFM<\/figcaption><\/figure>\n\n\n\n<blockquote class=\"wp-block-quote\"><p>\u201cMe gusta el vino, porque el vino es bueno, pero cuando el agua, brota pura y cristalina, de la madre tierra&#8230; <\/p><p>m\u00e1s me gusta el vino\u201d<\/p><cite> Me gusta el vino &#8211; <a href=\"https:\/\/www.google.com\/search?rlz=1C1CHBF_esCL866CL866&amp;sxsrf=ACYBGNQfghfeQt4qLJx1maKeqp2qJTRs2Q:1568380370252&amp;q=Tito+Fern%C3%A1ndez&amp;stick=H4sIAAAAAAAAAONgVuLWT9c3NDI0Tc6oLF_Eyh-SWZKv4JZalHd4YV5KahUA8YsIgCEAAAA&amp;sa=X&amp;ved=2ahUKEwjstt2W8M3kAhWuF7kGHRnPBLcQMTAAegQIDBAF\" target=\"_blank\" rel=\"noreferrer noopener\" aria-label=\" (opens in a new tab)\">Tito Fern\u00e1ndez<\/a> <\/cite><\/blockquote>\n\n\n\n<p>Zur Fonda geh\u00f6rt der klassische Drink <strong><em>Terremoto<\/em><\/strong><em> (<\/em>Erdbeben), eine Kombination aus <em>Chicha<\/em> (Federwei\u00dfer), Grenadinensaft und Ananaseis &#8211; alles vereint zu einem s\u00fc\u00dfen, cremigen, rosafarbenen Bubblegum-Getr\u00e4nk, das viel unschuldiger aussieht, als es ist. Sein Name ist nicht umsonst <em>terremoto<\/em> &#8211; wundere dich also nicht, wenn sich nach ein paar Gl\u00e4sern der Boden unter dir zu bewegen beginnt! <\/p>\n\n\n\n<h2 class=\"wp-block-heading\"><strong>Fonda ist nicht gleich Fonda<\/strong><\/h2>\n\n\n\n<p>Wenn du <a href=\"https:\/\/www.fondasantiago.cl\/\" target=\"_blank\" rel=\"noreferrer noopener\" aria-label=\" (opens in a new tab)\">den Dieciocho in Santiago feierst<\/a>, ist die gr\u00f6\u00dfte und ber\u00fchmteste <strong><em>Fonda<\/em> die im Parque O&#8217;Higgins<\/strong> (direkt an der U-Bahn-Linie 2). Hier st\u00fcrzt du dich mitten ins Abenteuer und feierst mit Chilenen aus ganz Santiago eine farbenfrohe, laute und einzigartige Fonda. Wenn es dein erster <em>Dieciocho <\/em>ist, ist ein Wort der Warnung angebracht: Sei wie bei jedem Volksfest auf der Hut vor Taschendieben und fahr mit dem Taxi heim. \u00a0<\/p>\n\n\n\n<p>Eine ausgezeichnete Alternative, wenn du die\nErfahrung des Dieciocho in einer etwas ruhigeren und kultivierteren Umgebung\nerleben m\u00f6chtest, sind die <em>Fondas<\/em> im\n\u00f6stlichen Teil Santiagos. In Las Condes zum Beispiel die <strong><em>Fonda<\/em> im Parque Araucano<\/strong>\noder in La Reina die <strong><em>Fonda<\/em> im Parque Alberto Hurtado<\/strong>.\nHier herrscht eine angenehme, famili\u00e4re Atmosph\u00e4re, es gibt Live-Musik,\nVorf\u00fchrungen und typisches Essen. Lass dich von lokalen Kunsthandwerkern\nbezaubern oder versuche dich in einem der unterhaltsamen Geschicklichkeitsspiele.\nNat\u00fcrlich wird auch hier der Cueca nicht fehlen.<\/p>\n\n\n\n<h2 class=\"wp-block-heading\"><strong>La Pampilla: gro\u00df, gr\u00f6\u00dfer, am gr\u00f6\u00dften! <\/strong><\/h2>\n\n\n\n<p><a href=\"http:\/\/www.pampilla.cl\" target=\"_blank\" rel=\"noreferrer noopener\" aria-label=\" (opens in a new tab)\">La Pampilla<\/a> ist eine Fonda in 10fachem Ausma\u00df. Sie ist die gr\u00f6\u00dfte des Landes, findet in Coquimbo im Kleinen Norden Chiles statt und zieht jedes Jahr \u00fcber 450.000 Feiernde an. La Pampilla ist <strong>ein riesiges Festival<\/strong>, das einige der bekanntesten K\u00fcnstler Chiles auf seine Hauptb\u00fchne lockt und die rund 7 Tage dauernde Nationalfeier zu einem unvergesslichen Event macht. \u00a0<\/p>\n\n\n\n<p>Das Festivalgel\u00e4nde der Pampilla ist rund um die Uhr ge\u00f6ffnet und kostet nur 1.500 Pesos Eintritt. Wie auf jedem Festival gibt es einen Jahrmarkt mit Fahrgesch\u00e4ften und haufenweise Essenst\u00e4nde. Nat\u00fcrlich darf auch hier der <em>Terremoto<\/em> (traditionell, mit Minzgeschmack oder vielleicht mal blau?) nicht fehlen. Man genie\u00dft ihn aber besser erst nach dem Besuch der Achterbahnen&#8230;<\/p>\n\n\n\n<div class=\"wp-block-image\"><figure class=\"aligncenter\"><img loading=\"lazy\" decoding=\"async\" width=\"400\" height=\"285\" src=\"https:\/\/chileando.contactchile.cl\/de\/wp-content\/uploads\/2019\/09\/la-pampilla.png\" alt=\"la pampilla\" class=\"wp-image-116\" srcset=\"https:\/\/chileando.contactchile.cl\/de\/wp-content\/uploads\/2019\/09\/la-pampilla.png 400w, https:\/\/chileando.contactchile.cl\/de\/wp-content\/uploads\/2019\/09\/la-pampilla-300x214.png 300w\" sizes=\"(max-width: 400px) 100vw, 400px\" \/><figcaption>La Pampilla ist die verr\u00fcckteste aller Dieciocho-Feiern! <br> Foto: El Dinamo<\/figcaption><\/figure><\/div>\n\n\n\n<h2 class=\"wp-block-heading\"><strong>Die Vorbereitungen<\/strong><\/h2>\n\n\n\n<p>Die Vorbereitung\ndes langen Wochenendes ist entscheidend, denn die Chilenen nehmen die <em>Fiestas<\/em> <em>Patrias<\/em> sehr ernst. Die meisten <em>Santiaguinos<\/em> werden die\nStadt verlassen, um ihre Familien in anderen Teilen Chiles zu besuchen oder\nUrlaub zu machen. Das bedeutet: Bus- oder Flugticket sowie die Unterkunft fr\u00fchzeitig\nbuchen! <\/p>\n\n\n\n<p>Falls du an die\nK\u00fcste f\u00e4hrst, wirst du am Strand nicht alleine bleiben. In Santiago hingegen\nmag es sich im Vergleich zum \u00fcblichen Trubel eher wie in einer Geisterstadt\nanf\u00fchlen &#8211; eine angenehme Alternative zur sonst \u00fcblichen Hektik. Dank den zahlreichen\nVeranstaltungen wird es dir aber auch hier nicht langweilig. <\/p>\n\n\n\n<p>Wof\u00fcr du dich auch entscheidest, es ist fast unm\u00f6glich, nicht in\nFeierstimmung zu verfallen. Darum lass dich von der ansteckenden <em>chilenidad<\/em> mitrei\u00dfen, g\u00f6nn dir einen <em>Terremoto<\/em>, zieh die Cueca-Schuhe an und\ngenie\u00df die Fiestas Patrias! <\/p>\n\n\n\n<p>Viel Spa\u00df!<\/p>\n","protected":false},"excerpt":{"rendered":"<p>Geschrieben von Ellie Greenwell f\u00fcr\u00a0ContactChile\u00dcbersetzt von Nicole Reis Ein Nationalfeiertag bedeutet f\u00fcr jeden etwas anderes. F\u00fcr die einen ist es nur ein willkommener freier Tag, f\u00fcr die anderen ein richtiger<\/p>\n\t\t<div class=\"more-link-holder\">\n\t\t\t<a class=\"more-link ghost-button-link\" href=\"https:\/\/chileando.contactchile.cl\/de\/2019\/09\/el-dieciocho-wie-chile-den-18-september-begeht\/\">read more<\/a>\n\t\t<\/div>","protected":false},"author":2,"featured_media":117,"comment_status":"open","ping_status":"open","sticky":false,"template":"","format":"standard","meta":{"footnotes":""},"categories":[3],"tags":[],"yoast_head":"<!-- This site is optimized with the Yoast SEO plugin v21.9.1 - https:\/\/yoast.com\/wordpress\/plugins\/seo\/ -->\n<title>El Dieciocho: Wie Chile den 18. September begeht - Chileando<\/title>\n<meta name=\"description\" content=\"In Chile ist der 18. September ein Feiertag, der sehr ernst genommen wird. Die Feierlichkeiten beschr\u00e4nken sich daher auch nicht auf nur einen Tag.\" \/>\n<meta name=\"robots\" content=\"index, follow, max-snippet:-1, max-image-preview:large, max-video-preview:-1\" \/>\n<link rel=\"canonical\" href=\"https:\/\/chileando.contactchile.cl\/de\/2019\/09\/el-dieciocho-wie-chile-den-18-september-begeht\/\" \/>\n<meta property=\"og:locale\" content=\"de_DE\" \/>\n<meta property=\"og:type\" content=\"article\" \/>\n<meta property=\"og:title\" content=\"El Dieciocho: Wie Chile den 18. September begeht - Chileando\" \/>\n<meta property=\"og:description\" content=\"In Chile ist der 18. September ein Feiertag, der sehr ernst genommen wird. Die Feierlichkeiten beschr\u00e4nken sich daher auch nicht auf nur einen Tag.\" \/>\n<meta property=\"og:url\" content=\"https:\/\/chileando.contactchile.cl\/de\/2019\/09\/el-dieciocho-wie-chile-den-18-september-begeht\/\" \/>\n<meta property=\"og:site_name\" content=\"Chileando\" \/>\n<meta property=\"article:published_time\" content=\"2019-09-13T20:13:56+00:00\" \/>\n<meta property=\"article:modified_time\" content=\"2019-09-13T20:14:42+00:00\" \/>\n<meta property=\"og:image\" content=\"https:\/\/chileando.contactchile.cl\/de\/wp-content\/uploads\/2019\/09\/foto_0000000920190903122437.jpg\" \/>\n\t<meta property=\"og:image:width\" content=\"848\" \/>\n\t<meta property=\"og:image:height\" content=\"636\" \/>\n\t<meta property=\"og:image:type\" content=\"image\/jpeg\" \/>\n<meta name=\"author\" content=\"ContactChile\" \/>\n<meta name=\"twitter:card\" content=\"summary_large_image\" \/>\n<meta name=\"twitter:label1\" content=\"Verfasst von\" \/>\n\t<meta name=\"twitter:data1\" content=\"ContactChile\" \/>\n\t<meta name=\"twitter:label2\" content=\"Gesch\u00e4tzte Lesezeit\" \/>\n\t<meta name=\"twitter:data2\" content=\"5\u00a0Minuten\" \/>\n<script type=\"application\/ld+json\" class=\"yoast-schema-graph\">{\"@context\":\"https:\/\/schema.org\",\"@graph\":[{\"@type\":\"WebPage\",\"@id\":\"https:\/\/chileando.contactchile.cl\/de\/2019\/09\/el-dieciocho-wie-chile-den-18-september-begeht\/\",\"url\":\"https:\/\/chileando.contactchile.cl\/de\/2019\/09\/el-dieciocho-wie-chile-den-18-september-begeht\/\",\"name\":\"El Dieciocho: Wie Chile den 18. September begeht - Chileando\",\"isPartOf\":{\"@id\":\"https:\/\/chileando.contactchile.cl\/de\/#website\"},\"datePublished\":\"2019-09-13T20:13:56+00:00\",\"dateModified\":\"2019-09-13T20:14:42+00:00\",\"author\":{\"@id\":\"https:\/\/chileando.contactchile.cl\/de\/#\/schema\/person\/5182f77322694ffa9ac17fca2be16254\"},\"description\":\"In Chile ist der 18. September ein Feiertag, der sehr ernst genommen wird. Die Feierlichkeiten beschr\u00e4nken sich daher auch nicht auf nur einen Tag.\",\"inLanguage\":\"de\",\"potentialAction\":[{\"@type\":\"ReadAction\",\"target\":[\"https:\/\/chileando.contactchile.cl\/de\/2019\/09\/el-dieciocho-wie-chile-den-18-september-begeht\/\"]}]},{\"@type\":\"WebSite\",\"@id\":\"https:\/\/chileando.contactchile.cl\/de\/#website\",\"url\":\"https:\/\/chileando.contactchile.cl\/de\/\",\"name\":\"Chileando\",\"description\":\"Ein Blog von ContactChile\",\"potentialAction\":[{\"@type\":\"SearchAction\",\"target\":{\"@type\":\"EntryPoint\",\"urlTemplate\":\"https:\/\/chileando.contactchile.cl\/de\/?s={search_term_string}\"},\"query-input\":\"required name=search_term_string\"}],\"inLanguage\":\"de\"},{\"@type\":\"Person\",\"@id\":\"https:\/\/chileando.contactchile.cl\/de\/#\/schema\/person\/5182f77322694ffa9ac17fca2be16254\",\"name\":\"ContactChile\",\"image\":{\"@type\":\"ImageObject\",\"inLanguage\":\"de\",\"@id\":\"https:\/\/chileando.contactchile.cl\/de\/#\/schema\/person\/image\/\",\"url\":\"https:\/\/secure.gravatar.com\/avatar\/149fd9c01d291abe073272dbd244854e?s=96&d=mm&r=g\",\"contentUrl\":\"https:\/\/secure.gravatar.com\/avatar\/149fd9c01d291abe073272dbd244854e?s=96&d=mm&r=g\",\"caption\":\"ContactChile\"},\"url\":\"https:\/\/chileando.contactchile.cl\/de\/author\/dejatellevar\/\"}]}<\/script>\n<!-- \/ Yoast SEO plugin. -->","yoast_head_json":{"title":"El Dieciocho: Wie Chile den 18. September begeht - Chileando","description":"In Chile ist der 18. September ein Feiertag, der sehr ernst genommen wird. Die Feierlichkeiten beschr\u00e4nken sich daher auch nicht auf nur einen Tag.","robots":{"index":"index","follow":"follow","max-snippet":"max-snippet:-1","max-image-preview":"max-image-preview:large","max-video-preview":"max-video-preview:-1"},"canonical":"https:\/\/chileando.contactchile.cl\/de\/2019\/09\/el-dieciocho-wie-chile-den-18-september-begeht\/","og_locale":"de_DE","og_type":"article","og_title":"El Dieciocho: Wie Chile den 18. September begeht - Chileando","og_description":"In Chile ist der 18. September ein Feiertag, der sehr ernst genommen wird. Die Feierlichkeiten beschr\u00e4nken sich daher auch nicht auf nur einen Tag.","og_url":"https:\/\/chileando.contactchile.cl\/de\/2019\/09\/el-dieciocho-wie-chile-den-18-september-begeht\/","og_site_name":"Chileando","article_published_time":"2019-09-13T20:13:56+00:00","article_modified_time":"2019-09-13T20:14:42+00:00","og_image":[{"width":848,"height":636,"url":"https:\/\/chileando.contactchile.cl\/de\/wp-content\/uploads\/2019\/09\/foto_0000000920190903122437.jpg","type":"image\/jpeg"}],"author":"ContactChile","twitter_card":"summary_large_image","twitter_misc":{"Verfasst von":"ContactChile","Gesch\u00e4tzte Lesezeit":"5\u00a0Minuten"},"schema":{"@context":"https:\/\/schema.org","@graph":[{"@type":"WebPage","@id":"https:\/\/chileando.contactchile.cl\/de\/2019\/09\/el-dieciocho-wie-chile-den-18-september-begeht\/","url":"https:\/\/chileando.contactchile.cl\/de\/2019\/09\/el-dieciocho-wie-chile-den-18-september-begeht\/","name":"El Dieciocho: Wie Chile den 18. September begeht - Chileando","isPartOf":{"@id":"https:\/\/chileando.contactchile.cl\/de\/#website"},"datePublished":"2019-09-13T20:13:56+00:00","dateModified":"2019-09-13T20:14:42+00:00","author":{"@id":"https:\/\/chileando.contactchile.cl\/de\/#\/schema\/person\/5182f77322694ffa9ac17fca2be16254"},"description":"In Chile ist der 18. September ein Feiertag, der sehr ernst genommen wird. Die Feierlichkeiten beschr\u00e4nken sich daher auch nicht auf nur einen Tag.","inLanguage":"de","potentialAction":[{"@type":"ReadAction","target":["https:\/\/chileando.contactchile.cl\/de\/2019\/09\/el-dieciocho-wie-chile-den-18-september-begeht\/"]}]},{"@type":"WebSite","@id":"https:\/\/chileando.contactchile.cl\/de\/#website","url":"https:\/\/chileando.contactchile.cl\/de\/","name":"Chileando","description":"Ein Blog von ContactChile","potentialAction":[{"@type":"SearchAction","target":{"@type":"EntryPoint","urlTemplate":"https:\/\/chileando.contactchile.cl\/de\/?s={search_term_string}"},"query-input":"required name=search_term_string"}],"inLanguage":"de"},{"@type":"Person","@id":"https:\/\/chileando.contactchile.cl\/de\/#\/schema\/person\/5182f77322694ffa9ac17fca2be16254","name":"ContactChile","image":{"@type":"ImageObject","inLanguage":"de","@id":"https:\/\/chileando.contactchile.cl\/de\/#\/schema\/person\/image\/","url":"https:\/\/secure.gravatar.com\/avatar\/149fd9c01d291abe073272dbd244854e?s=96&d=mm&r=g","contentUrl":"https:\/\/secure.gravatar.com\/avatar\/149fd9c01d291abe073272dbd244854e?s=96&d=mm&r=g","caption":"ContactChile"},"url":"https:\/\/chileando.contactchile.cl\/de\/author\/dejatellevar\/"}]}},"_links":{"self":[{"href":"https:\/\/chileando.contactchile.cl\/de\/wp-json\/wp\/v2\/posts\/111"}],"collection":[{"href":"https:\/\/chileando.contactchile.cl\/de\/wp-json\/wp\/v2\/posts"}],"about":[{"href":"https:\/\/chileando.contactchile.cl\/de\/wp-json\/wp\/v2\/types\/post"}],"author":[{"embeddable":true,"href":"https:\/\/chileando.contactchile.cl\/de\/wp-json\/wp\/v2\/users\/2"}],"replies":[{"embeddable":true,"href":"https:\/\/chileando.contactchile.cl\/de\/wp-json\/wp\/v2\/comments?post=111"}],"version-history":[{"count":9,"href":"https:\/\/chileando.contactchile.cl\/de\/wp-json\/wp\/v2\/posts\/111\/revisions"}],"predecessor-version":[{"id":125,"href":"https:\/\/chileando.contactchile.cl\/de\/wp-json\/wp\/v2\/posts\/111\/revisions\/125"}],"wp:featuredmedia":[{"embeddable":true,"href":"https:\/\/chileando.contactchile.cl\/de\/wp-json\/wp\/v2\/media\/117"}],"wp:attachment":[{"href":"https:\/\/chileando.contactchile.cl\/de\/wp-json\/wp\/v2\/media?parent=111"}],"wp:term":[{"taxonomy":"category","embeddable":true,"href":"https:\/\/chileando.contactchile.cl\/de\/wp-json\/wp\/v2\/categories?post=111"},{"taxonomy":"post_tag","embeddable":true,"href":"https:\/\/chileando.contactchile.cl\/de\/wp-json\/wp\/v2\/tags?post=111"}],"curies":[{"name":"wp","href":"https:\/\/api.w.org\/{rel}","templated":true}]}}