{"id":153,"date":"2019-10-11T19:32:37","date_gmt":"2019-10-11T19:32:37","guid":{"rendered":"https:\/\/chileando.contactchile.cl\/de\/?p=153"},"modified":"2020-12-23T14:40:33","modified_gmt":"2020-12-23T14:40:33","slug":"chiles-musik-von-balztaenzen-protestliedern-und-crossover","status":"publish","type":"post","link":"https:\/\/chileando.contactchile.cl\/de\/2019\/10\/chiles-musik-von-balztaenzen-protestliedern-und-crossover\/","title":{"rendered":"Chiles Musik: von Balzt\u00e4nzen, Protestliedern und Crossover"},"content":{"rendered":"\n<p> Geschrieben von Franziska Willi f\u00fcr&nbsp;<a rel=\"noreferrer noopener\" href=\"https:\/\/www.contactchile.cl\/de\/index.html\" target=\"_blank\"><strong>ContactChile<\/strong><\/a><\/p>\n\n\n\n<p class=\"has-drop-cap\">Als aktive Musikkonsumentin, selbsternannte Stra\u00dfenmusikantin und fanatische Konzertbesucherin beobachte ich seit meiner Ankunft in Chile die Musikkultur des Landes. Auf dem Weg durch den Dschungel der auditiven Sinneswahrnehmungen fiel mir als erstes Folgendes auf: Die Musik ist in diesem Land allgegenw\u00e4rtig! <\/p>\n\n\n\n<p>In den St\u00e4dten wimmelt es nur so von Musikern, die sich in die \u00fcberf\u00fcllten Metros und vollgestopften Buse quetschen, um die Mittagszeit die lokalen Beizen erobern, oder auf einer gut frequentierten Stra\u00dfe nach einem geeigneten Pl\u00e4tzchen suchen, um ein sch\u00f6nes St\u00e4ndchen darzubringen. Auf seinem Weg von A nach B wird man also st\u00e4ndig musikalisch begleitet.<\/p>\n\n\n\n<p><br> Fragt man die Einheimischen, was denn in ihren Augen wichtige chilenische Musik sei, begegnet man immer wieder zwei Namen: Violeta Parra und V\u00edctor Jara. Diese Beiden geh\u00f6ren zu den bedeutendsten und einflussreichsten Musikern in der Geschichte des Landes und ihr Liedgut ist bis heute wichtiger Teil der Alltagskultur. Sitzt man mit einer Gruppe chilenischer Freunde gem\u00fctlich bei Tee zusammen, wird mit ziemlich grosser Sicherheit schon sehr bald zur omnipr\u00e4senten Gitarre gegriffen und ein Lied der genannten Artisten gespielt, so beispielsweise \u201eGracias a la vida\u201c (Dank an das Leben) von Violeta Parra (F\u00fcr alle Gitarrenspieler unter uns: die Akkorde sind Am, E7, Am, G7, C, C7, F, E7, Am, Dm, E7, Am). Dabei wird gesungen, geklatscht und an die Protestbewegung Nueva Canci\u00f3n Chilena (neues chilenisches Lied) erinnert: Violeta Parra und V\u00edctor Jara haben es sich zeit ihres Lebens zur Aufgabe gemacht, in Vergessenheit geratene traditionelle Musik zu sammeln, zu erforschen und mit politischen sozialkritischen Inhalten zu verkn\u00fcpfen. Sie kritisierten Regierende und beleuchteten soziale Ungerechtigkeit. Dies war auch der Grund, warum Jara, auch der Che Guevara der Gitarre genannt, w\u00e4hrend der Milit\u00e4rdiktatur unter Augusto Pinochet brutal gefoltert und ermordet wurde. <\/p>\n\n\n\n<figure class=\"wp-block-image\"><img loading=\"lazy\" decoding=\"async\" width=\"1024\" height=\"410\" src=\"https:\/\/chileando.contactchile.cl\/de\/wp-content\/uploads\/2019\/10\/violeta_parra-1-1024x410.jpg\" alt=\"\" class=\"wp-image-155\" srcset=\"https:\/\/chileando.contactchile.cl\/de\/wp-content\/uploads\/2019\/10\/violeta_parra-1-1024x410.jpg 1024w, https:\/\/chileando.contactchile.cl\/de\/wp-content\/uploads\/2019\/10\/violeta_parra-1-300x120.jpg 300w, https:\/\/chileando.contactchile.cl\/de\/wp-content\/uploads\/2019\/10\/violeta_parra-1-768x307.jpg 768w, https:\/\/chileando.contactchile.cl\/de\/wp-content\/uploads\/2019\/10\/violeta_parra-1-680x272.jpg 680w, https:\/\/chileando.contactchile.cl\/de\/wp-content\/uploads\/2019\/10\/violeta_parra-1.jpg 1920w\" sizes=\"(max-width: 1024px) 100vw, 1024px\" \/><figcaption>Violeta Parra &#8211; Foto: ZigZag<\/figcaption><\/figure>\n\n\n\n<p>Die mehrfach pr\u00e4mierte Filmbiografie \u201eVioleta Parra\u201c und der Dokumentarfilm \u201eel Derecho de Vivir en Paz\u201c \u00fcber V\u00edctor Jara sind jeweils gute Einf\u00fchrungen in die Musik und das Leben der K\u00fcnstler.<br><\/p>\n\n\n\n<h2 class=\"wp-block-heading\">Cueca<\/h2>\n\n\n\n<p>Besonders stolz sind die Chilenen auch auf ihren Nationaltanz; die Cueca. Im 3\/4 oder 6\/8 Takt t\u00e4nzelt Mann im Halbkreis um die umworbene Frau herum, die beiden vollf\u00fchren dynamische Drehungen, reizen sich gegenseitig und schwingen dabei weisse T\u00fccher (pa\u00f1uelo) \u00fcber ihre K\u00f6pfe. Dies wird vom Publikum mit rhythmischem Klatschen und von einer instrumententechnisch gut ausgestatteten Band (variiert zwischen Gesang, Gitarre, Kontrabass, Akkordeon, Tamburin, Harfe, Guitarr\u00f3n Chileno, Bandurria, Schlagzeug, Fiedel und Piano) begleitet. Das Ganze erinnert a einen Balztanz zwischen Henne und Gockel, wobei das weisse Tuch Federn oder den Hahnenkamm symbolisieren k\u00f6nnte. <\/p>\n\n\n\n<p>Im ganzen Land haben sich je nach Region verschiedene Cuecas herausgebildet. So beispielsweise die Cueca brava, die haupts\u00e4chlich in der Hauptstadt getanzt wird, die Cueca campesina, ausgetragen in den l\u00e4ndlichen Gebieten des Landes, oder aber die Cueca porte\u00f1a, die ihren Ursprung in der kunterbunten Stadt Valpara\u00edso hat und in ihren Texten \u00fcber das verr\u00fcckte Leben im Hafen erz\u00e4hlt. Ein fabelhafter Ort, um die Cueca porte\u00f1a in ihrer Authentizit\u00e4t zu geniessen, ist die \u201eIsla de la Fantas\u00eda\u201c (Insel der Fantasie). Bei besagter Insel handelt es sich um das<\/p>\n\n\n\n<p>Grundst\u00fcck von T\u00edo (Onkel) Beno und T\u00eda (Tante) Nanita, die immer am Wochenende in ihren wunderbaren Garten einladen. In einem warmherzigen und heimeligen Ambiente kann man hier bei gutem chilenischen Wein und leckerem Maiskuchen das Cueca-Spektakel hautnah und unter freiem Himmel erleben.<\/p>\n\n\n\n<p> Nicht nur die Cueca wird im Freien getanzt. Mittlerweile ist es fast schon zur Mode geworden, verschiedenste T\u00e4nze in Parks oder auf \u00f6ffentlichen Pl\u00e4tzen zu praktizieren. Wer Tango mag kann in Valpara\u00edso jeweils am Dienstag beim Platz \u201eAscensor Reina Victoria\u201c sein Tanzbein schwingen. Wer eher auf Jazz steht kommt in der Hauptstadt Santiago am Sonntag im Parque Bustamante auf seine Kosten, wo Swing und Lindy Hop getanzt wird.<\/p>\n\n\n\n<figure class=\"wp-block-image size-large\"><a href=\"https:\/\/www.contactchile.cl\/de\/unterkunft\/moeblierte-apartments\/staedte-bezirke\/providencia.html\" target=\"_blank\" rel=\"noreferrer noopener\"><img loading=\"lazy\" decoding=\"async\" width=\"1024\" height=\"200\" src=\"https:\/\/chileando.contactchile.cl\/de\/wp-content\/uploads\/2020\/12\/alojabanner.providencia.jpg\" alt=\"\" class=\"wp-image-196\" srcset=\"https:\/\/chileando.contactchile.cl\/de\/wp-content\/uploads\/2020\/12\/alojabanner.providencia.jpg 1024w, https:\/\/chileando.contactchile.cl\/de\/wp-content\/uploads\/2020\/12\/alojabanner.providencia-300x59.jpg 300w, https:\/\/chileando.contactchile.cl\/de\/wp-content\/uploads\/2020\/12\/alojabanner.providencia-768x150.jpg 768w, https:\/\/chileando.contactchile.cl\/de\/wp-content\/uploads\/2020\/12\/alojabanner.providencia-680x133.jpg 680w\" sizes=\"(max-width: 1024px) 100vw, 1024px\" \/><\/a><\/figure>\n\n\n\n<h2 class=\"wp-block-heading\">Neue chilenische Musik<\/h2>\n\n\n\n<p> Wer ein Fan der guten Livemusik ist sollte auf gar keinen Fall die Festivalsaison verpassen. Diese bringt nicht nur sehr viel Spass und gute Laune, sondern erm\u00f6glicht einem auch, die neusten Hits und Trends in der Musiklandschaft auszukundschaften. Ein Blick auf die diesj\u00e4hrigen lokalen Musikfestivals zeigt, dass Crossover-Musik, also Mischungen aus verschiedenen Musikgenres, besonders an Beliebtheit gewonnen hat. Dabei geht es vor allem um die Vermischung von traditionellen, urspr\u00fcnglichen Kl\u00e4ngen mit Rhythmen aus aller Welt. <\/p>\n\n\n\n<p>So brachte beispielsweise <strong>Chico Trujillo<\/strong> mit \u201eNueva Cumbia Chilena\u201c am diesj\u00e4hrigen <em>Festival del Huaso<\/em> die Meute zum Tanzen, und das <em>Lollapalooza<\/em>, eines der wichtigsten und gr\u00f6ssten Festivals in Chile, pr\u00e4sentierte die Band <strong>Newen Afrobeat<\/strong>, eine Gruppe, die nigerianische Afrokl\u00e4nge mit indigener Musik ihres Landes kombiniert. <\/p>\n\n\n\n<p>Aber auch die Verwendung der Musik als Mittel, um \u00fcber politische und gesellschaftliche Themen zu berichten, hat sich erneut beliebt gemacht. So rappte die international bekannte und mehrfach f\u00fcr den Grammy nominierte S\u00e4ngerin <strong>Ana Tijoux<\/strong> auf dem <em>Festival La Cumbre<\/em> f\u00fcr die Rechte der chilenischen Frau und gegen die Unterdr\u00fcckung der indigenen Bev\u00f6lkerung, und die Altpunker <strong>Los Peores de Chile<\/strong> heizten am dreit\u00e4gigen <em>Woodstaco<\/em> m\u00e4chtig ein. <\/p>\n\n\n\n<p>Auch die Band <strong>Inti-Illiman<\/strong>i, neben Violeta Parra und V\u00edctor Jara wichtiger Teil der Bewegung <em>Nueva Canci\u00f3n Chilena<\/em>, stand dieses Jahr wieder auf einer grossen B\u00fchne. Am Gratisfestival <em>Rock\u00f3dromo<\/em> sangen sie gemeinsam mit den Konzertbesuchern aus voller Inbrunst das Lied, welches zum Symbol des Widerstands gegen die Milit\u00e4rdiktatur wurde: <em>\u201eEl pueblo unido, jam\u00e1s ser\u00e1 vencido\u201c<\/em> (Das vereinte Volk wird niemals besiegt werden)!<\/p>\n\n\n\n<p><br> \u00dcbrigens, in Gedenken an den Geburtstag von Violeta Parra wurde der 4. Oktober zum \u201eD\u00eda de la m\u00fasica y de los m\u00fasicos chilenos\u201c (Tag der Musik und der chilenischen Musikern) ernannt. Die Allgegenw\u00e4rtigkeit der Musik erreicht an diesem Tag mit unz\u00e4hligen Konzerten der verschiedensten Stilrichtungen in allen St\u00e4dten des Landes jeweils ihren H\u00f6hepunkt!<\/p>\n","protected":false},"excerpt":{"rendered":"<p>Als aktive Musikkonsumentin, selbsternannte Stra\u00dfenmusikantin und fanatische Konzertbesucherin beobachte ich seit meiner Ankunft in Chile die Musikkultur des Landes. Auf dem Weg durch den Dschungel der auditiven Sinneswahrnehmungen fiel mir als erstes Folgendes auf: Die Musik ist in diesem Land allgegenw\u00e4rtig! <\/p>\n\t\t<div class=\"more-link-holder\">\n\t\t\t<a class=\"more-link ghost-button-link\" href=\"https:\/\/chileando.contactchile.cl\/de\/2019\/10\/chiles-musik-von-balztaenzen-protestliedern-und-crossover\/\">read more<\/a>\n\t\t<\/div>","protected":false},"author":2,"featured_media":154,"comment_status":"open","ping_status":"open","sticky":false,"template":"","format":"standard","meta":{"footnotes":""},"categories":[3],"tags":[],"yoast_head":"<!-- This site is optimized with the Yoast SEO plugin v21.9.1 - https:\/\/yoast.com\/wordpress\/plugins\/seo\/ -->\n<title>Chiles Musik: von Balzt\u00e4nzen, Protestliedern und Crossover - Chileando<\/title>\n<meta name=\"description\" content=\"Entdecken Sie in diesem Artikel einen kurzen \u00dcberblick \u00fcber die chilenische Musik\" \/>\n<meta name=\"robots\" content=\"index, follow, max-snippet:-1, max-image-preview:large, max-video-preview:-1\" \/>\n<link rel=\"canonical\" href=\"https:\/\/chileando.contactchile.cl\/de\/2019\/10\/chiles-musik-von-balztaenzen-protestliedern-und-crossover\/\" \/>\n<meta property=\"og:locale\" content=\"de_DE\" \/>\n<meta property=\"og:type\" content=\"article\" \/>\n<meta property=\"og:title\" content=\"Chiles Musik: von Balzt\u00e4nzen, Protestliedern und Crossover - Chileando\" \/>\n<meta property=\"og:description\" content=\"Entdecken Sie in diesem Artikel einen kurzen \u00dcberblick \u00fcber die chilenische Musik\" \/>\n<meta property=\"og:url\" content=\"https:\/\/chileando.contactchile.cl\/de\/2019\/10\/chiles-musik-von-balztaenzen-protestliedern-und-crossover\/\" \/>\n<meta property=\"og:site_name\" content=\"Chileando\" \/>\n<meta property=\"article:published_time\" content=\"2019-10-11T19:32:37+00:00\" \/>\n<meta property=\"article:modified_time\" content=\"2020-12-23T14:40:33+00:00\" \/>\n<meta property=\"og:image\" content=\"https:\/\/chileando.contactchile.cl\/de\/wp-content\/uploads\/2019\/10\/violeta_parra.jpg\" \/>\n\t<meta property=\"og:image:width\" content=\"1920\" \/>\n\t<meta property=\"og:image:height\" content=\"768\" \/>\n\t<meta property=\"og:image:type\" content=\"image\/jpeg\" \/>\n<meta name=\"author\" content=\"ContactChile\" \/>\n<meta name=\"twitter:card\" content=\"summary_large_image\" \/>\n<meta name=\"twitter:label1\" content=\"Verfasst von\" \/>\n\t<meta name=\"twitter:data1\" content=\"ContactChile\" \/>\n\t<meta name=\"twitter:label2\" content=\"Gesch\u00e4tzte Lesezeit\" \/>\n\t<meta name=\"twitter:data2\" content=\"5\u00a0Minuten\" \/>\n<script type=\"application\/ld+json\" class=\"yoast-schema-graph\">{\"@context\":\"https:\/\/schema.org\",\"@graph\":[{\"@type\":\"WebPage\",\"@id\":\"https:\/\/chileando.contactchile.cl\/de\/2019\/10\/chiles-musik-von-balztaenzen-protestliedern-und-crossover\/\",\"url\":\"https:\/\/chileando.contactchile.cl\/de\/2019\/10\/chiles-musik-von-balztaenzen-protestliedern-und-crossover\/\",\"name\":\"Chiles Musik: von Balzt\u00e4nzen, Protestliedern und Crossover - Chileando\",\"isPartOf\":{\"@id\":\"https:\/\/chileando.contactchile.cl\/de\/#website\"},\"datePublished\":\"2019-10-11T19:32:37+00:00\",\"dateModified\":\"2020-12-23T14:40:33+00:00\",\"author\":{\"@id\":\"https:\/\/chileando.contactchile.cl\/de\/#\/schema\/person\/5182f77322694ffa9ac17fca2be16254\"},\"description\":\"Entdecken Sie in diesem Artikel einen kurzen \u00dcberblick \u00fcber die chilenische Musik\",\"inLanguage\":\"de\",\"potentialAction\":[{\"@type\":\"ReadAction\",\"target\":[\"https:\/\/chileando.contactchile.cl\/de\/2019\/10\/chiles-musik-von-balztaenzen-protestliedern-und-crossover\/\"]}]},{\"@type\":\"WebSite\",\"@id\":\"https:\/\/chileando.contactchile.cl\/de\/#website\",\"url\":\"https:\/\/chileando.contactchile.cl\/de\/\",\"name\":\"Chileando\",\"description\":\"Ein Blog von ContactChile\",\"potentialAction\":[{\"@type\":\"SearchAction\",\"target\":{\"@type\":\"EntryPoint\",\"urlTemplate\":\"https:\/\/chileando.contactchile.cl\/de\/?s={search_term_string}\"},\"query-input\":\"required name=search_term_string\"}],\"inLanguage\":\"de\"},{\"@type\":\"Person\",\"@id\":\"https:\/\/chileando.contactchile.cl\/de\/#\/schema\/person\/5182f77322694ffa9ac17fca2be16254\",\"name\":\"ContactChile\",\"image\":{\"@type\":\"ImageObject\",\"inLanguage\":\"de\",\"@id\":\"https:\/\/chileando.contactchile.cl\/de\/#\/schema\/person\/image\/\",\"url\":\"https:\/\/secure.gravatar.com\/avatar\/149fd9c01d291abe073272dbd244854e?s=96&d=mm&r=g\",\"contentUrl\":\"https:\/\/secure.gravatar.com\/avatar\/149fd9c01d291abe073272dbd244854e?s=96&d=mm&r=g\",\"caption\":\"ContactChile\"},\"url\":\"https:\/\/chileando.contactchile.cl\/de\/author\/dejatellevar\/\"}]}<\/script>\n<!-- \/ Yoast SEO plugin. -->","yoast_head_json":{"title":"Chiles Musik: von Balzt\u00e4nzen, Protestliedern und Crossover - Chileando","description":"Entdecken Sie in diesem Artikel einen kurzen \u00dcberblick \u00fcber die chilenische Musik","robots":{"index":"index","follow":"follow","max-snippet":"max-snippet:-1","max-image-preview":"max-image-preview:large","max-video-preview":"max-video-preview:-1"},"canonical":"https:\/\/chileando.contactchile.cl\/de\/2019\/10\/chiles-musik-von-balztaenzen-protestliedern-und-crossover\/","og_locale":"de_DE","og_type":"article","og_title":"Chiles Musik: von Balzt\u00e4nzen, Protestliedern und Crossover - Chileando","og_description":"Entdecken Sie in diesem Artikel einen kurzen \u00dcberblick \u00fcber die chilenische Musik","og_url":"https:\/\/chileando.contactchile.cl\/de\/2019\/10\/chiles-musik-von-balztaenzen-protestliedern-und-crossover\/","og_site_name":"Chileando","article_published_time":"2019-10-11T19:32:37+00:00","article_modified_time":"2020-12-23T14:40:33+00:00","og_image":[{"width":1920,"height":768,"url":"https:\/\/chileando.contactchile.cl\/de\/wp-content\/uploads\/2019\/10\/violeta_parra.jpg","type":"image\/jpeg"}],"author":"ContactChile","twitter_card":"summary_large_image","twitter_misc":{"Verfasst von":"ContactChile","Gesch\u00e4tzte Lesezeit":"5\u00a0Minuten"},"schema":{"@context":"https:\/\/schema.org","@graph":[{"@type":"WebPage","@id":"https:\/\/chileando.contactchile.cl\/de\/2019\/10\/chiles-musik-von-balztaenzen-protestliedern-und-crossover\/","url":"https:\/\/chileando.contactchile.cl\/de\/2019\/10\/chiles-musik-von-balztaenzen-protestliedern-und-crossover\/","name":"Chiles Musik: von Balzt\u00e4nzen, Protestliedern und Crossover - Chileando","isPartOf":{"@id":"https:\/\/chileando.contactchile.cl\/de\/#website"},"datePublished":"2019-10-11T19:32:37+00:00","dateModified":"2020-12-23T14:40:33+00:00","author":{"@id":"https:\/\/chileando.contactchile.cl\/de\/#\/schema\/person\/5182f77322694ffa9ac17fca2be16254"},"description":"Entdecken Sie in diesem Artikel einen kurzen \u00dcberblick \u00fcber die chilenische Musik","inLanguage":"de","potentialAction":[{"@type":"ReadAction","target":["https:\/\/chileando.contactchile.cl\/de\/2019\/10\/chiles-musik-von-balztaenzen-protestliedern-und-crossover\/"]}]},{"@type":"WebSite","@id":"https:\/\/chileando.contactchile.cl\/de\/#website","url":"https:\/\/chileando.contactchile.cl\/de\/","name":"Chileando","description":"Ein Blog von ContactChile","potentialAction":[{"@type":"SearchAction","target":{"@type":"EntryPoint","urlTemplate":"https:\/\/chileando.contactchile.cl\/de\/?s={search_term_string}"},"query-input":"required name=search_term_string"}],"inLanguage":"de"},{"@type":"Person","@id":"https:\/\/chileando.contactchile.cl\/de\/#\/schema\/person\/5182f77322694ffa9ac17fca2be16254","name":"ContactChile","image":{"@type":"ImageObject","inLanguage":"de","@id":"https:\/\/chileando.contactchile.cl\/de\/#\/schema\/person\/image\/","url":"https:\/\/secure.gravatar.com\/avatar\/149fd9c01d291abe073272dbd244854e?s=96&d=mm&r=g","contentUrl":"https:\/\/secure.gravatar.com\/avatar\/149fd9c01d291abe073272dbd244854e?s=96&d=mm&r=g","caption":"ContactChile"},"url":"https:\/\/chileando.contactchile.cl\/de\/author\/dejatellevar\/"}]}},"_links":{"self":[{"href":"https:\/\/chileando.contactchile.cl\/de\/wp-json\/wp\/v2\/posts\/153"}],"collection":[{"href":"https:\/\/chileando.contactchile.cl\/de\/wp-json\/wp\/v2\/posts"}],"about":[{"href":"https:\/\/chileando.contactchile.cl\/de\/wp-json\/wp\/v2\/types\/post"}],"author":[{"embeddable":true,"href":"https:\/\/chileando.contactchile.cl\/de\/wp-json\/wp\/v2\/users\/2"}],"replies":[{"embeddable":true,"href":"https:\/\/chileando.contactchile.cl\/de\/wp-json\/wp\/v2\/comments?post=153"}],"version-history":[{"count":2,"href":"https:\/\/chileando.contactchile.cl\/de\/wp-json\/wp\/v2\/posts\/153\/revisions"}],"predecessor-version":[{"id":207,"href":"https:\/\/chileando.contactchile.cl\/de\/wp-json\/wp\/v2\/posts\/153\/revisions\/207"}],"wp:featuredmedia":[{"embeddable":true,"href":"https:\/\/chileando.contactchile.cl\/de\/wp-json\/wp\/v2\/media\/154"}],"wp:attachment":[{"href":"https:\/\/chileando.contactchile.cl\/de\/wp-json\/wp\/v2\/media?parent=153"}],"wp:term":[{"taxonomy":"category","embeddable":true,"href":"https:\/\/chileando.contactchile.cl\/de\/wp-json\/wp\/v2\/categories?post=153"},{"taxonomy":"post_tag","embeddable":true,"href":"https:\/\/chileando.contactchile.cl\/de\/wp-json\/wp\/v2\/tags?post=153"}],"curies":[{"name":"wp","href":"https:\/\/api.w.org\/{rel}","templated":true}]}}